{"id":79,"date":"2019-08-13T19:45:49","date_gmt":"2019-08-13T19:45:49","guid":{"rendered":"https:\/\/patrick-nepper.de\/?p=79"},"modified":"2019-10-03T19:48:30","modified_gmt":"2019-10-03T19:48:30","slug":"klimanotstand-ausrufen","status":"publish","type":"post","link":"https:\/\/patrick-nepper.de\/?p=79","title":{"rendered":"Klimanotstand ausrufen!"},"content":{"rendered":"\n<p>Mein erster kleiner Beitrag zu einem Stadtratsantrag: Traunstein muss den Klimanotstand ausrufen! Die Klimakrise wartet nicht auf uns &#8211; wir m\u00fcssen entschieden handeln. Ich freue mich besonders, dass der Antrag sowohl sofortige Ma\u00dfnahmen als auch die Erfassung einer CO2-Bilanz f\u00fcr die Priorisierung weiterer Ma\u00dfnahmen enth\u00e4lt.<\/p>\n\n\n\n<figure class=\"wp-block-embed-facebook wp-block-embed is-type-rich is-provider-facebook\"><div class=\"wp-block-embed__wrapper\">\n<div id=\"fb-root\"><\/div><script async=\"1\" defer=\"1\" crossorigin=\"anonymous\" src=\"https:\/\/connect.facebook.net\/de_DE\/sdk.js#xfbml=1&amp;version=v4.0\"><\/script><div class=\"fb-post\" data-href=\"https:\/\/www.facebook.com\/patrick.nepper\/posts\/489470711877457\" data-width=\"750\"><blockquote cite=\"https:\/\/www.facebook.com\/patrick.nepper\/posts\/489470711877457\" class=\"fb-xfbml-parse-ignore\"><p>Mein erster kleiner Beitrag zu einem Stadtratsantrag: Traunstein muss den Klimanotstand ausrufen! Die Klimakrise wartet&#8230;<\/p>Gepostet von <a href=\"https:\/\/www.facebook.com\/patrick.nepper\/\">Patrick Nepper<\/a> am&nbsp;<a href=\"https:\/\/www.facebook.com\/patrick.nepper\/posts\/489470711877457\">Dienstag, 13. August 2019<\/a><\/blockquote><\/div>\n<\/div><\/figure>\n","protected":false},"excerpt":{"rendered":"<p>Mein erster kleiner Beitrag zu einem Stadtratsantrag: Traunstein muss den Klimanotstand ausrufen! Die Klimakrise wartet nicht auf uns &#8211; wir m\u00fcssen entschieden handeln. Ich freue mich besonders, dass der Antrag&#8230; <\/p>\n","protected":false},"author":1,"featured_media":0,"comment_status":"open","ping_status":"open","sticky":false,"template":"","format":"standard","meta":[],"categories":[10],"tags":[],"_links":{"self":[{"href":"https:\/\/patrick-nepper.de\/index.php?rest_route=\/wp\/v2\/posts\/79"}],"collection":[{"href":"https:\/\/patrick-nepper.de\/index.php?rest_route=\/wp\/v2\/posts"}],"about":[{"href":"https:\/\/patrick-nepper.de\/index.php?rest_route=\/wp\/v2\/types\/post"}],"author":[{"embeddable":true,"href":"https:\/\/patrick-nepper.de\/index.php?rest_route=\/wp\/v2\/users\/1"}],"replies":[{"embeddable":true,"href":"https:\/\/patrick-nepper.de\/index.php?rest_route=%2Fwp%2Fv2%2Fcomments&post=79"}],"version-history":[{"count":2,"href":"https:\/\/patrick-nepper.de\/index.php?rest_route=\/wp\/v2\/posts\/79\/revisions"}],"predecessor-version":[{"id":81,"href":"https:\/\/patrick-nepper.de\/index.php?rest_route=\/wp\/v2\/posts\/79\/revisions\/81"}],"wp:attachment":[{"href":"https:\/\/patrick-nepper.de\/index.php?rest_route=%2Fwp%2Fv2%2Fmedia&parent=79"}],"wp:term":[{"taxonomy":"category","embeddable":true,"href":"https:\/\/patrick-nepper.de\/index.php?rest_route=%2Fwp%2Fv2%2Fcategories&post=79"},{"taxonomy":"post_tag","embeddable":true,"href":"https:\/\/patrick-nepper.de\/index.php?rest_route=%2Fwp%2Fv2%2Ftags&post=79"}],"curies":[{"name":"wp","href":"https:\/\/api.w.org\/{rel}","templated":true}]}}