{"id":273,"date":"2020-05-20T20:04:00","date_gmt":"2020-05-20T20:04:00","guid":{"rendered":"https:\/\/patrick-nepper.de\/?p=273"},"modified":"2020-06-19T20:06:38","modified_gmt":"2020-06-19T20:06:38","slug":"antrag-zur-verkehrsberuhigung-des-stadtplatzes-im-sinne-der-wirtschaftsfoerderung-waehrend-der-covid-19-pandemie","status":"publish","type":"post","link":"https:\/\/patrick-nepper.de\/?p=273","title":{"rendered":"Antrag zur Verkehrsberuhigung des Stadtplatzes im Sinne der Wirtschaftsf\u00f6rderung w\u00e4hrend der Covid-19 Pandemie"},"content":{"rendered":"\n<p>Traunstein, 20. Mai 2020<\/p>\n\n\n\n<p>Sehr geehrter Herr Oberb\u00fcrgermeister,<\/p>\n\n\n\n<p>lieber Christian,<\/p>\n\n\n\n<p>anbei stellen wir, die Fraktion B\u00dcNDNIS 90\/DIE GR\u00dcNEN folgenden Antrag zur <strong>Verkehrsberuhigung des Stadtplatzes im Sinne der Wirtschaftsf\u00f6rderung w\u00e4hrend der Covid-19 Pandemie:<\/strong><\/p>\n\n\n\n<ol><li><strong>Autofreier Stadtplatz am Abend und an Wochenenden: <\/strong>Verbot f\u00fcr Kraftfahrzeuge im Bereich von der Zufahrt am Heimatmuseum bis zum neuen Brunnen (inkl. Schaumburgerstra\u00dfe\/Taubenmarkt), g\u00fcltig Mo-Fr ab 18 Uhr und ganzt\u00e4gig an Wochenenden und Feiertagen.<\/li><li><strong>Angepasste Zufahrt zu den Parkpl\u00e4tzen \u00f6stlich des neuen Brunnen: <\/strong>Um die Zufahrt zu den Parkpl\u00e4tzen am Stadtplatz f\u00fcr Kraftfahrzeuge zu sichern <em>sollte<\/em> eine Einbahnstra\u00dfenregelung am Auberg eingef\u00fchrt werden: Verbot der Einfahrt in die mittlere Hofgasse Richtung Auberg ab Fuchsgrube in den Zeiten nach 1), Freigabe f\u00fcr Radfahrer.<\/li><li><strong>Sofortige Umsetzung der Ma\u00dfnahmen nach 1) und 2)<\/strong>: Idealerweise werden die entsprechenden Verkehrszeichen bereits zum kommenden Wochenende aufgestellt.<\/li><\/ol>\n\n\n\n<p>Begr\u00fcndung:<\/p>\n\n\n\n<p>Die Covid-19 Pandemie stellt lokale Wirtschaftsbetriebe vor gro\u00dfe Herausforderungen. Insbesondere im Einzelhandel und der Gastronomie, aber auch im Dienstleistungsgewerbe, f\u00fchren die Abstandsregelungen zu Warteschlangen vor den T\u00fcren. Gleichzeitig haben gerade Gastronomiebetriebe einen erh\u00f6hten Bedarf f\u00fcr Freischankfl\u00e4chen. Der Raum wird knapp &#8211; gerade im Innenstadtbereich. Die Menschen sehnen sich danach wieder mehr Zeit in der Stadt zu verbringen. Diesen Bed\u00fcrfnissen wollen wir mit einer erh\u00f6hten Aufenthaltsqualit\u00e4t im Bereich des Stadtplatz Rechnung tragen und die lokale Wirtschaft mit einem verbesserten Raumangebot unterst\u00fctzen. Das gibt den Betrieben die M\u00f6glichkeit noch weiter als bisher m\u00f6glich Freischankfl\u00e4chen und Wartebereiche zu schaffen.<\/p>\n\n\n\n<p>Mit freundlichen Gr\u00fc\u00dfen<\/p>\n\n\n\n<p>i.A. Dr. Patrick Nepper<\/p>\n","protected":false},"excerpt":{"rendered":"<p>Traunstein, 20. Mai 2020 Sehr geehrter Herr Oberb\u00fcrgermeister, lieber Christian, anbei stellen wir, die Fraktion B\u00dcNDNIS 90\/DIE GR\u00dcNEN folgenden Antrag zur Verkehrsberuhigung des Stadtplatzes im Sinne der Wirtschaftsf\u00f6rderung w\u00e4hrend der&#8230; <\/p>\n","protected":false},"author":1,"featured_media":274,"comment_status":"open","ping_status":"open","sticky":false,"template":"","format":"standard","meta":[],"categories":[23,12,21,13,19],"tags":[],"_links":{"self":[{"href":"https:\/\/patrick-nepper.de\/index.php?rest_route=\/wp\/v2\/posts\/273"}],"collection":[{"href":"https:\/\/patrick-nepper.de\/index.php?rest_route=\/wp\/v2\/posts"}],"about":[{"href":"https:\/\/patrick-nepper.de\/index.php?rest_route=\/wp\/v2\/types\/post"}],"author":[{"embeddable":true,"href":"https:\/\/patrick-nepper.de\/index.php?rest_route=\/wp\/v2\/users\/1"}],"replies":[{"embeddable":true,"href":"https:\/\/patrick-nepper.de\/index.php?rest_route=%2Fwp%2Fv2%2Fcomments&post=273"}],"version-history":[{"count":1,"href":"https:\/\/patrick-nepper.de\/index.php?rest_route=\/wp\/v2\/posts\/273\/revisions"}],"predecessor-version":[{"id":275,"href":"https:\/\/patrick-nepper.de\/index.php?rest_route=\/wp\/v2\/posts\/273\/revisions\/275"}],"wp:featuredmedia":[{"embeddable":true,"href":"https:\/\/patrick-nepper.de\/index.php?rest_route=\/wp\/v2\/media\/274"}],"wp:attachment":[{"href":"https:\/\/patrick-nepper.de\/index.php?rest_route=%2Fwp%2Fv2%2Fmedia&parent=273"}],"wp:term":[{"taxonomy":"category","embeddable":true,"href":"https:\/\/patrick-nepper.de\/index.php?rest_route=%2Fwp%2Fv2%2Fcategories&post=273"},{"taxonomy":"post_tag","embeddable":true,"href":"https:\/\/patrick-nepper.de\/index.php?rest_route=%2Fwp%2Fv2%2Ftags&post=273"}],"curies":[{"name":"wp","href":"https:\/\/api.w.org\/{rel}","templated":true}]}}