{"id":201,"date":"2020-01-31T21:47:00","date_gmt":"2020-01-31T21:47:00","guid":{"rendered":"https:\/\/patrick-nepper.de\/?p=201"},"modified":"2020-03-01T21:54:16","modified_gmt":"2020-03-01T21:54:16","slug":"fridays-for-future-demo-keine-fortschritte-in-sachen-klimaschutz","status":"publish","type":"post","link":"https:\/\/patrick-nepper.de\/?p=201","title":{"rendered":"Fridays For Future Demo: Keine Fortschritte in Sachen Klimaschutz"},"content":{"rendered":"\n<p>Am 24.10.2019 beschloss der Stadtrat Traunstein, dass &#8222;der Klimaschutz eine Aufgabe allerh\u00f6chster Priorit\u00e4t auch f\u00fcr Traunstein&#8220; ist.<\/p>\n\n\n\n<p>Anl\u00e4sslich der Fridays for Future Demo vom 31.01.2020 stellte ich daher die Frage: wie sieht die Bilanz nach \u00fcber 100 Tagen aus?<\/p>\n\n\n\n<figure class=\"wp-block-embed-facebook wp-block-embed is-type-video is-provider-facebook\"><div class=\"wp-block-embed__wrapper\">\n<div id=\"fb-root\"><\/div><script async=\"1\" defer=\"1\" crossorigin=\"anonymous\" src=\"https:\/\/connect.facebook.net\/de_DE\/sdk.js#xfbml=1&amp;version=v6.0\"><\/script><div class=\"fb-video\" data-href=\"https:\/\/www.facebook.com\/patrick.nepper\/videos\/1413661002171146\/\" data-width=\"783\"><blockquote cite=\"https:\/\/www.facebook.com\/patrick.nepper\/videos\/1413661002171146\/\" class=\"fb-xfbml-parse-ignore\"><a href=\"https:\/\/www.facebook.com\/patrick.nepper\/videos\/1413661002171146\/\"><\/a><p>Am 24.10.2019 beschloss der Stadtrat Traunstein, dass &quot;der Klimaschutz eine Aufgabe allerh\u00f6chster Priorit\u00e4t auch f\u00fcr Traunstein&quot; ist.Anl\u00e4sslich der Fridays for Future Demo vom 31.01.2020 stellte ich daher die Frage: wie sieht die Bilanz nach \u00fcber 100 Tagen aus?Die Antwort: Ern\u00fcchternd.Die bereits im Juli 2019 beschlossene Einstellung eine*r Klimaschutzmanager*in ist immer noch nicht umgesetzt. Stadtratsbeschl\u00fcsse werden nach wie vor ohne R\u00fccksicht auf Klimaaspekte gefasst. Konkrete Ma\u00dfnahmen sind Fehlanzeige.Der Stadtrat hat am 24.10.2019 die Antr\u00e4ge von B\u00dcNDNIS 90\/DIE GR\u00dcNEN und Traunsteiner Liste (die beide eine Reihe konkreter Ma\u00dfnahmen umfassten) abgelehnt und durch Symbolpolitik ersetzt.Dar\u00fcberhinaus vermisse ich bis heute eine sichtbare Wertsch\u00e4tzung, Anerkennung und Unterst\u00fctzung der jungen Menschen von &#064;f4ftraunstein durch Oberb\u00fcrgermeister und Stadtrat. Ich war selbst anwesend bei der Stadtratssitzung am 24.10.2019 und bei diversen Demos und verstehe nicht, warum man die Sorgen dieser Generation nicht ernster nimmt.Am 15.3. sind Kommunalwahlen. Ich hoffe sehr, dass im neuen Stadtrat neue Mehrheitsverh\u00e4ltnisse entstehen.Danke Martina Michaela Wenta f\u00fcr das Video!..#Traunstein #klimaschutz #verkehrswendejetzt #klimakrise #klimanotstand #symbolpolitik #gr\u00fcnestraunstein<\/p>Gepostet von <a href=\"https:\/\/www.facebook.com\/patrick.nepper\/\">Patrick Nepper<\/a> am Montag, 17. Februar 2020<\/blockquote><\/div>\n<\/div><\/figure>\n\n\n\n<p>Die Antwort: Ern\u00fcchternd.<\/p>\n\n\n\n<p>Die bereits im Juli 2019 beschlossene Einstellung eine*r Klimaschutzmanager*in ist immer noch nicht umgesetzt. Stadtratsbeschl\u00fcsse werden nach wie vor ohne R\u00fccksicht auf Klimaaspekte gefasst. Konkrete Ma\u00dfnahmen sind Fehlanzeige.<\/p>\n\n\n\n<p>Der Stadtrat hat am 24.10.2019 die Antr\u00e4ge von B\u00dcNDNIS 90\/DIE GR\u00dcNEN und Traunsteiner Liste (die beide eine Reihe konkreter Ma\u00dfnahmen umfassten) abgelehnt und durch Symbolpolitik ersetzt.<\/p>\n\n\n\n<p>Dar\u00fcberhinaus vermisse ich bis heute eine sichtbare Wertsch\u00e4tzung, Anerkennung und Unterst\u00fctzung der jungen Menschen von @f4ftraunstein durch Oberb\u00fcrgermeister und Stadtrat. Ich war selbst anwesend bei der Stadtratssitzung am 24.10.2019 und bei diversen Demos und verstehe nicht, warum man die Sorgen dieser Generation nicht ernster nimmt.<\/p>\n\n\n\n<p>Am 15.3. sind Kommunalwahlen. Ich hoffe sehr, dass im neuen Stadtrat neue Mehrheitsverh\u00e4ltnisse entstehen.<\/p>\n\n\n\n<p>Danke\u00a0<a href=\"https:\/\/www.facebook.com\/Mertl0r\">Martina Michaela Wenta<\/a>\u00a0f\u00fcr das Video!<\/p>\n","protected":false},"excerpt":{"rendered":"<p>Am 24.10.2019 beschloss der Stadtrat Traunstein, dass &#8222;der Klimaschutz eine Aufgabe allerh\u00f6chster Priorit\u00e4t auch f\u00fcr Traunstein&#8220; ist. Anl\u00e4sslich der Fridays for Future Demo vom 31.01.2020 stellte ich daher die Frage:&#8230; <\/p>\n","protected":false},"author":1,"featured_media":202,"comment_status":"open","ping_status":"open","sticky":false,"template":"","format":"standard","meta":[],"categories":[10,9],"tags":[],"_links":{"self":[{"href":"https:\/\/patrick-nepper.de\/index.php?rest_route=\/wp\/v2\/posts\/201"}],"collection":[{"href":"https:\/\/patrick-nepper.de\/index.php?rest_route=\/wp\/v2\/posts"}],"about":[{"href":"https:\/\/patrick-nepper.de\/index.php?rest_route=\/wp\/v2\/types\/post"}],"author":[{"embeddable":true,"href":"https:\/\/patrick-nepper.de\/index.php?rest_route=\/wp\/v2\/users\/1"}],"replies":[{"embeddable":true,"href":"https:\/\/patrick-nepper.de\/index.php?rest_route=%2Fwp%2Fv2%2Fcomments&post=201"}],"version-history":[{"count":2,"href":"https:\/\/patrick-nepper.de\/index.php?rest_route=\/wp\/v2\/posts\/201\/revisions"}],"predecessor-version":[{"id":204,"href":"https:\/\/patrick-nepper.de\/index.php?rest_route=\/wp\/v2\/posts\/201\/revisions\/204"}],"wp:featuredmedia":[{"embeddable":true,"href":"https:\/\/patrick-nepper.de\/index.php?rest_route=\/wp\/v2\/media\/202"}],"wp:attachment":[{"href":"https:\/\/patrick-nepper.de\/index.php?rest_route=%2Fwp%2Fv2%2Fmedia&parent=201"}],"wp:term":[{"taxonomy":"category","embeddable":true,"href":"https:\/\/patrick-nepper.de\/index.php?rest_route=%2Fwp%2Fv2%2Fcategories&post=201"},{"taxonomy":"post_tag","embeddable":true,"href":"https:\/\/patrick-nepper.de\/index.php?rest_route=%2Fwp%2Fv2%2Ftags&post=201"}],"curies":[{"name":"wp","href":"https:\/\/api.w.org\/{rel}","templated":true}]}}